{"id":1904,"date":"2024-02-19T10:27:03","date_gmt":"2024-02-19T10:27:03","guid":{"rendered":"https:\/\/fiammettamichelacci.com\/il-palazzo-del-bargello\/"},"modified":"2024-02-23T09:26:51","modified_gmt":"2024-02-23T09:26:51","slug":"il-palazzo-del-bargello","status":"publish","type":"post","link":"https:\/\/fiammettamichelacci.com\/it\/il-palazzo-del-bargello\/","title":{"rendered":"Il Palazzo del Bargello"},"content":{"rendered":"\n<figure class=\"wp-block-image size-full\"><img decoding=\"async\" width=\"1920\" height=\"1440\" src=\"https:\/\/fiammettamichelacci.com\/wp-content\/uploads\/img_0813.jpg\" alt=\"\" class=\"wp-image-1313\" srcset=\"https:\/\/fiammettamichelacci.com\/wp-content\/uploads\/img_0813.jpg 1920w, https:\/\/fiammettamichelacci.com\/wp-content\/uploads\/img_0813-300x225.jpg 300w, https:\/\/fiammettamichelacci.com\/wp-content\/uploads\/img_0813-1024x768.jpg 1024w, https:\/\/fiammettamichelacci.com\/wp-content\/uploads\/img_0813-768x576.jpg 768w, https:\/\/fiammettamichelacci.com\/wp-content\/uploads\/img_0813-1536x1152.jpg 1536w\" sizes=\"(max-width: 1920px) 100vw, 1920px\" \/><\/figure>\n\n<p>Il Palazzo del Bargello racchiude nelle sue forme severe e minacciose, simili a quelle di Palazzo della Signoria, gli squarci pi\u00f9 raccapriccianti della storia di Firenze, a dimostrazione del fatto che non sempre in citt\u00e0 si viveva all\u2019insegna dell\u2019armonia e della bellezza che \u00e8 riflessa nelle architetture o nei quadri del Botticelli.<\/p>\n\n<p>ll Palazzo fu costruito a met\u00e0 del Duecento, quando finalmente i guelfi (i piccoli mercanti in ascesa) tolsero il potere ai ghibellini (la ricca nobilt\u00e0), per ospitarvi il pi\u00f9 importante magistrato, il podest\u00e0.<\/p>\n\n<p>Le leggi stabilivano che questo fosse uno straniero: doveva venire da una localit\u00e0 lontana almeno cinquanta miglia e doveva durare in carica soltanto un anno. Tutto ci\u00f2 per avere un giudice obiettivo che non parteggiasse per l\u2019una o l\u2019altra famiglia o fazione. &#13;\nTentativo mal riuscito, se solo quarant\u2019 anni dopo, gli operai salariati,(il cos\u00ec detto \u201cpopolo minuto\u201d), invasero il palazzo per protestare contro le ingiustizie subite; da questo episodio scatur\u00ec una riforma dell\u2019 amministrazione che fu quanto di pi\u00f9 simile a una costituzione si sia mai avuto a Firenze: gli Ordinamenti di Giustizia di Giano della Bella, che vietavano alle grandi famiglie di accedere alla cosa pubblica ed istituivano la figura del Gonfaloniere di Giustizia, il magistrato incaricato di dirigere il collegio dei Priori, guidare la milizia e difendere dal &#8220;popolo grasso&#8221;(i ricchi mercanti) gli interessi delle classi meno agiate.<\/p>\n\n<p> Questo tipo di governo rimarr\u00e0, almeno formalmente e salvo brevi intervalli come la Signoria dell&#8217;Angioino Carlo di Calabria (1325-28) o la tirannia di Gualtiero di Brienne duca d&#8217;Atene (1342), in vigore fino alla presa di potere da parte della famiglia Medici. La famiglia Medici trasport\u00f2 a Palazzo Vecchio funzioni e rappresentanze politiche, cos\u00ec che il Bargello fino al 1574, divenne sede del Consiglio di Giustizia e dei Giudici di Ruota, una sorta di tribunale.<\/p>\n\n<p>Fino a qui, i secoli di maggior splendore del Palazzo, in cui questo fu il simbolo dei tentativi dei cittadini meno facoltosi di non essere pi\u00f9 alla merc\u00e8 del potere dei pi\u00f9 nobili, anche se dagli statuti dei podest\u00e0 giunti fino a noi si rileva che la vita a Firenze non doveva essere molto allegra. Ad esempio se dopo il coprifuoco un servo veniva trovato armato senza il proprio padrone rischiava di perdere una mano, gli innamorati non potevano fare le serenate alle proprie belle, pena una forte multa e la confisca dello strumento\u2026tutto questo senza considerare alcune  curiose disposizioni, come quella che obbligava gli abitanti di un piccolo paesino nella campagna fiorentina a rifornire di fichi una volta l\u2019anno il consiglio generale del podest\u00e0, composto di 390 membri.<\/p>\n\n<p>Ma le cose peggiorarono decisamente dal 1574, sotto il principato di Cosimo I, quando il Palazzo del Bargello divenne una squallida prigione. Vi risiedevano i condannati a morte e le Guardie: il Palazzo prende il nome proprio dal Capo delle Guardie di Polizia (il Bargello) che arrestava e interrogava i delinquenti . Da allora il Palazzo fu notevolmente modificato, sia all\u2019interno, dove gli ampi spazi furono suddivisi e i loggiati chiusi per ricavare un maggior numero di celle, e all\u2019esterno, dove le sontuose e ampie finestre furono chiuse e sostituite con piccole fessure nel muro. I prigionieri venivano torturati e poi giustiziati  nel cortile,con pratiche atroci cadenzate dai rintocchi delle campane della torre, la Volognana , e  descritte con sadico compiacimento in resoconti d\u2019epoca.<\/p>\n\n<p>Il clima che si respirava a Firenze doveva essere di terrore in questi anni, e ancora di pi\u00f9 quando, e non era raro, sul ceppo che si trovava fra via del Proconsolo e via della Vigna Vecchia, venivano esposte le teste dei giustiziati come ammonimento ai cittadini.&#13;\nAltre volte, sempre a mo\u2019 di monito, i corpi venivano attaccati fuori delle finestre del palazzo e se il delitto commesso era particolarmente efferato l\u2019immagine del delinquente veniva dipinta sui muri della torre del Bargello o su quelli del cortile interno.<\/p>\n\n<p>Talvolta, sotto queste immagini si scrivevano versi infamanti, come ad esempio quelli  sotto il ritratto di un  traditore impiccato, incatenato e circondato da diavoli:<\/p>\n\n<p>\u201cSuperbo, avaro, traditor, bugiardo<\/p>\n\n<p>Lussurioso, ingrato e pien d\u2019inganni<\/p>\n\n<p>Son Bonaccorso di Lapo Giovanni.\u201d<\/p>\n\n<p>Del resto bastava poco per essere etichettati in questo modo , soprattutto se non si era facoltosi o protetti da qualche personaggio importante; a volte, nei documenti in cui \u00e8 registrata la morte dei prigionieri politici non \u00e8 indicata alcuna motivazione specifica, ma solo formule generiche, come \u201cper causa di stato\u201d, \u201c per disobbedienza alla Repubblica\u201d o addirittura \u201cper ragioni ignote\u201d.<\/p>\n\n<p>Tutto questo ebbe fine, con grande sollievo dei cittadini, quando il granduca Pietro Leopoldo nel 1786 abol\u00ec la pena capitale e fece bruciare le macchine di tortura. Il Bargello continu\u00f2 ad essere un carcere, fino alla met\u00e0 dell\u2019 Ottocento, quando, nel clima di rivalutazione degli ideali e delle testimonianze del Medioevo, si decise di restaurarlo e i prigionieri furono trasferiti definitivamente nel carcere delle Murate.&#13;\nL\u2019architetto Francesco Mazzei cerc\u00f2 di ricreare le architetture originali del Bargello eliminando ogni cosa che potesse ricordare le crudelt\u00e0 che in questi ambienti furono commesse: riapr\u00ec i loggiati, come erano in origine , elimin\u00f2 le anguste celle, ricerc\u00f2 i primitivi ornamenti architettonici e le pareti furono  riempite di decorazioni pittoriche medievaleggianti.<\/p>\n\n<p>Da allora si decise che il Bargello ospitasse un Museo dedicato alla storia e alle arti della Toscana. Nel 1865   il Bargello fu inaugurato come Museo Nazionale, con celebrazioni in onore di Dante, a cui parteciparono privati collezionisti che decisero di offrire vari oggetti in deposito per contribuire alla sua formazione.<\/p>\n","protected":false},"excerpt":{"rendered":"<p>Il Palazzo del Bargello racchiude nelle sue forme severe e minacciose, simili a quelle di Palazzo della Signoria, gli squarci pi\u00f9 raccapriccianti della storia di Firenze, a dimostrazione del fatto&#8230;<\/p>\n","protected":false},"author":1,"featured_media":1777,"comment_status":"closed","ping_status":"closed","sticky":false,"template":"","format":"standard","meta":{"footnotes":""},"categories":[51],"tags":[],"class_list":["post-1904","post","type-post","status-publish","format-standard","has-post-thumbnail","hentry","category-luoghi-storici-firenze"],"acf":[],"yoast_head":"<!-- This site is optimized with the Yoast SEO plugin v22.1 - https:\/\/yoast.com\/wordpress\/plugins\/seo\/ -->\n<title>Il Palazzo del Bargello - Fiammetta Michelacci Florence Private Guide<\/title>\n<meta name=\"robots\" content=\"index, follow, max-snippet:-1, max-image-preview:large, max-video-preview:-1\" \/>\n<link rel=\"canonical\" href=\"https:\/\/fiammettamichelacci.com\/it\/il-palazzo-del-bargello\/\" \/>\n<meta property=\"og:locale\" content=\"it_IT\" \/>\n<meta property=\"og:type\" content=\"article\" \/>\n<meta property=\"og:title\" content=\"Il Palazzo del Bargello - Fiammetta Michelacci Florence Private Guide\" \/>\n<meta property=\"og:description\" content=\"Il Palazzo del Bargello racchiude nelle sue forme severe e minacciose, simili a quelle di Palazzo della Signoria, gli squarci pi\u00f9 raccapriccianti della storia di Firenze, a dimostrazione del fatto...\" \/>\n<meta property=\"og:url\" content=\"https:\/\/fiammettamichelacci.com\/it\/il-palazzo-del-bargello\/\" \/>\n<meta property=\"og:site_name\" content=\"Fiammetta Michelacci Florence Private Guide\" \/>\n<meta property=\"article:published_time\" content=\"2024-02-19T10:27:03+00:00\" \/>\n<meta property=\"article:modified_time\" content=\"2024-02-23T09:26:51+00:00\" \/>\n<meta property=\"og:image\" content=\"https:\/\/fiammettamichelacci.com\/wp-content\/uploads\/img_0813.jpg\" \/>\n\t<meta property=\"og:image:width\" content=\"1920\" \/>\n\t<meta property=\"og:image:height\" content=\"1440\" \/>\n\t<meta property=\"og:image:type\" content=\"image\/jpeg\" \/>\n<meta name=\"author\" content=\"admin\" \/>\n<meta name=\"twitter:card\" content=\"summary_large_image\" \/>\n<meta name=\"twitter:label1\" content=\"Scritto da\" \/>\n\t<meta name=\"twitter:data1\" content=\"admin\" \/>\n\t<meta name=\"twitter:label2\" content=\"Tempo di lettura stimato\" \/>\n\t<meta name=\"twitter:data2\" content=\"5 minuti\" \/>\n<script type=\"application\/ld+json\" class=\"yoast-schema-graph\">{\"@context\":\"https:\/\/schema.org\",\"@graph\":[{\"@type\":\"Article\",\"@id\":\"https:\/\/fiammettamichelacci.com\/it\/il-palazzo-del-bargello\/#article\",\"isPartOf\":{\"@id\":\"https:\/\/fiammettamichelacci.com\/it\/il-palazzo-del-bargello\/\"},\"author\":{\"name\":\"admin\",\"@id\":\"https:\/\/fiammettamichelacci.com\/it\/#\/schema\/person\/22003ad85baeaca167125e589f906884\"},\"headline\":\"Il Palazzo del Bargello\",\"datePublished\":\"2024-02-19T10:27:03+00:00\",\"dateModified\":\"2024-02-23T09:26:51+00:00\",\"mainEntityOfPage\":{\"@id\":\"https:\/\/fiammettamichelacci.com\/it\/il-palazzo-del-bargello\/\"},\"wordCount\":913,\"publisher\":{\"@id\":\"https:\/\/fiammettamichelacci.com\/it\/#organization\"},\"articleSection\":[\"Luoghi Storici\"],\"inLanguage\":\"it-IT\"},{\"@type\":\"WebPage\",\"@id\":\"https:\/\/fiammettamichelacci.com\/it\/il-palazzo-del-bargello\/\",\"url\":\"https:\/\/fiammettamichelacci.com\/it\/il-palazzo-del-bargello\/\",\"name\":\"Il Palazzo del Bargello - Fiammetta Michelacci Florence Private Guide\",\"isPartOf\":{\"@id\":\"https:\/\/fiammettamichelacci.com\/it\/#website\"},\"datePublished\":\"2024-02-19T10:27:03+00:00\",\"dateModified\":\"2024-02-23T09:26:51+00:00\",\"breadcrumb\":{\"@id\":\"https:\/\/fiammettamichelacci.com\/it\/il-palazzo-del-bargello\/#breadcrumb\"},\"inLanguage\":\"it-IT\",\"potentialAction\":[{\"@type\":\"ReadAction\",\"target\":[\"https:\/\/fiammettamichelacci.com\/it\/il-palazzo-del-bargello\/\"]}]},{\"@type\":\"BreadcrumbList\",\"@id\":\"https:\/\/fiammettamichelacci.com\/it\/il-palazzo-del-bargello\/#breadcrumb\",\"itemListElement\":[{\"@type\":\"ListItem\",\"position\":1,\"name\":\"Home\",\"item\":\"https:\/\/fiammettamichelacci.com\/it\/\"},{\"@type\":\"ListItem\",\"position\":2,\"name\":\"Il Palazzo del Bargello\"}]},{\"@type\":\"WebSite\",\"@id\":\"https:\/\/fiammettamichelacci.com\/it\/#website\",\"url\":\"https:\/\/fiammettamichelacci.com\/it\/\",\"name\":\"Fiammetta Michelacci Florence Private Guide\",\"description\":\"\",\"publisher\":{\"@id\":\"https:\/\/fiammettamichelacci.com\/it\/#organization\"},\"potentialAction\":[{\"@type\":\"SearchAction\",\"target\":{\"@type\":\"EntryPoint\",\"urlTemplate\":\"https:\/\/fiammettamichelacci.com\/it\/?s={search_term_string}\"},\"query-input\":\"required name=search_term_string\"}],\"inLanguage\":\"it-IT\"},{\"@type\":\"Organization\",\"@id\":\"https:\/\/fiammettamichelacci.com\/it\/#organization\",\"name\":\"Fiammetta Michelacci Florence Private Guide\",\"url\":\"https:\/\/fiammettamichelacci.com\/it\/\",\"logo\":{\"@type\":\"ImageObject\",\"inLanguage\":\"it-IT\",\"@id\":\"https:\/\/fiammettamichelacci.com\/it\/#\/schema\/logo\/image\/\",\"url\":\"https:\/\/fiammettamichelacci.com\/wp-content\/uploads\/logo\/verticale-mattone.svg\",\"contentUrl\":\"https:\/\/fiammettamichelacci.com\/wp-content\/uploads\/logo\/verticale-mattone.svg\",\"width\":313.53,\"height\":475.56,\"caption\":\"Fiammetta Michelacci Florence Private Guide\"},\"image\":{\"@id\":\"https:\/\/fiammettamichelacci.com\/it\/#\/schema\/logo\/image\/\"}},{\"@type\":\"Person\",\"@id\":\"https:\/\/fiammettamichelacci.com\/it\/#\/schema\/person\/22003ad85baeaca167125e589f906884\",\"name\":\"admin\",\"image\":{\"@type\":\"ImageObject\",\"inLanguage\":\"it-IT\",\"@id\":\"https:\/\/fiammettamichelacci.com\/it\/#\/schema\/person\/image\/\",\"url\":\"https:\/\/secure.gravatar.com\/avatar\/c016db2576353bf95a1a008edc7c23367905b8d57b940408d9eb3846c476bfd9?s=96&d=mm&r=g\",\"contentUrl\":\"https:\/\/secure.gravatar.com\/avatar\/c016db2576353bf95a1a008edc7c23367905b8d57b940408d9eb3846c476bfd9?s=96&d=mm&r=g\",\"caption\":\"admin\"},\"sameAs\":[\"https:\/\/fiammettamichelacci.com\"],\"url\":\"https:\/\/fiammettamichelacci.com\/it\/author\/superadmin\/\"}]}<\/script>\n<!-- \/ Yoast SEO plugin. -->","yoast_head_json":{"title":"Il Palazzo del Bargello - Fiammetta Michelacci Florence Private Guide","robots":{"index":"index","follow":"follow","max-snippet":"max-snippet:-1","max-image-preview":"max-image-preview:large","max-video-preview":"max-video-preview:-1"},"canonical":"https:\/\/fiammettamichelacci.com\/it\/il-palazzo-del-bargello\/","og_locale":"it_IT","og_type":"article","og_title":"Il Palazzo del Bargello - Fiammetta Michelacci Florence Private Guide","og_description":"Il Palazzo del Bargello racchiude nelle sue forme severe e minacciose, simili a quelle di Palazzo della Signoria, gli squarci pi\u00f9 raccapriccianti della storia di Firenze, a dimostrazione del fatto...","og_url":"https:\/\/fiammettamichelacci.com\/it\/il-palazzo-del-bargello\/","og_site_name":"Fiammetta Michelacci Florence Private Guide","article_published_time":"2024-02-19T10:27:03+00:00","article_modified_time":"2024-02-23T09:26:51+00:00","og_image":[{"width":1920,"height":1440,"url":"https:\/\/fiammettamichelacci.com\/wp-content\/uploads\/img_0813.jpg","type":"image\/jpeg"}],"author":"admin","twitter_card":"summary_large_image","twitter_misc":{"Scritto da":"admin","Tempo di lettura stimato":"5 minuti"},"schema":{"@context":"https:\/\/schema.org","@graph":[{"@type":"Article","@id":"https:\/\/fiammettamichelacci.com\/it\/il-palazzo-del-bargello\/#article","isPartOf":{"@id":"https:\/\/fiammettamichelacci.com\/it\/il-palazzo-del-bargello\/"},"author":{"name":"admin","@id":"https:\/\/fiammettamichelacci.com\/it\/#\/schema\/person\/22003ad85baeaca167125e589f906884"},"headline":"Il Palazzo del Bargello","datePublished":"2024-02-19T10:27:03+00:00","dateModified":"2024-02-23T09:26:51+00:00","mainEntityOfPage":{"@id":"https:\/\/fiammettamichelacci.com\/it\/il-palazzo-del-bargello\/"},"wordCount":913,"publisher":{"@id":"https:\/\/fiammettamichelacci.com\/it\/#organization"},"articleSection":["Luoghi Storici"],"inLanguage":"it-IT"},{"@type":"WebPage","@id":"https:\/\/fiammettamichelacci.com\/it\/il-palazzo-del-bargello\/","url":"https:\/\/fiammettamichelacci.com\/it\/il-palazzo-del-bargello\/","name":"Il Palazzo del Bargello - Fiammetta Michelacci Florence Private Guide","isPartOf":{"@id":"https:\/\/fiammettamichelacci.com\/it\/#website"},"datePublished":"2024-02-19T10:27:03+00:00","dateModified":"2024-02-23T09:26:51+00:00","breadcrumb":{"@id":"https:\/\/fiammettamichelacci.com\/it\/il-palazzo-del-bargello\/#breadcrumb"},"inLanguage":"it-IT","potentialAction":[{"@type":"ReadAction","target":["https:\/\/fiammettamichelacci.com\/it\/il-palazzo-del-bargello\/"]}]},{"@type":"BreadcrumbList","@id":"https:\/\/fiammettamichelacci.com\/it\/il-palazzo-del-bargello\/#breadcrumb","itemListElement":[{"@type":"ListItem","position":1,"name":"Home","item":"https:\/\/fiammettamichelacci.com\/it\/"},{"@type":"ListItem","position":2,"name":"Il Palazzo del Bargello"}]},{"@type":"WebSite","@id":"https:\/\/fiammettamichelacci.com\/it\/#website","url":"https:\/\/fiammettamichelacci.com\/it\/","name":"Fiammetta Michelacci Florence Private Guide","description":"","publisher":{"@id":"https:\/\/fiammettamichelacci.com\/it\/#organization"},"potentialAction":[{"@type":"SearchAction","target":{"@type":"EntryPoint","urlTemplate":"https:\/\/fiammettamichelacci.com\/it\/?s={search_term_string}"},"query-input":"required name=search_term_string"}],"inLanguage":"it-IT"},{"@type":"Organization","@id":"https:\/\/fiammettamichelacci.com\/it\/#organization","name":"Fiammetta Michelacci Florence Private Guide","url":"https:\/\/fiammettamichelacci.com\/it\/","logo":{"@type":"ImageObject","inLanguage":"it-IT","@id":"https:\/\/fiammettamichelacci.com\/it\/#\/schema\/logo\/image\/","url":"https:\/\/fiammettamichelacci.com\/wp-content\/uploads\/logo\/verticale-mattone.svg","contentUrl":"https:\/\/fiammettamichelacci.com\/wp-content\/uploads\/logo\/verticale-mattone.svg","width":313.53,"height":475.56,"caption":"Fiammetta Michelacci Florence Private Guide"},"image":{"@id":"https:\/\/fiammettamichelacci.com\/it\/#\/schema\/logo\/image\/"}},{"@type":"Person","@id":"https:\/\/fiammettamichelacci.com\/it\/#\/schema\/person\/22003ad85baeaca167125e589f906884","name":"admin","image":{"@type":"ImageObject","inLanguage":"it-IT","@id":"https:\/\/fiammettamichelacci.com\/it\/#\/schema\/person\/image\/","url":"https:\/\/secure.gravatar.com\/avatar\/c016db2576353bf95a1a008edc7c23367905b8d57b940408d9eb3846c476bfd9?s=96&d=mm&r=g","contentUrl":"https:\/\/secure.gravatar.com\/avatar\/c016db2576353bf95a1a008edc7c23367905b8d57b940408d9eb3846c476bfd9?s=96&d=mm&r=g","caption":"admin"},"sameAs":["https:\/\/fiammettamichelacci.com"],"url":"https:\/\/fiammettamichelacci.com\/it\/author\/superadmin\/"}]}},"_links":{"self":[{"href":"https:\/\/fiammettamichelacci.com\/it\/wp-json\/wp\/v2\/posts\/1904","targetHints":{"allow":["GET"]}}],"collection":[{"href":"https:\/\/fiammettamichelacci.com\/it\/wp-json\/wp\/v2\/posts"}],"about":[{"href":"https:\/\/fiammettamichelacci.com\/it\/wp-json\/wp\/v2\/types\/post"}],"author":[{"embeddable":true,"href":"https:\/\/fiammettamichelacci.com\/it\/wp-json\/wp\/v2\/users\/1"}],"replies":[{"embeddable":true,"href":"https:\/\/fiammettamichelacci.com\/it\/wp-json\/wp\/v2\/comments?post=1904"}],"version-history":[{"count":0,"href":"https:\/\/fiammettamichelacci.com\/it\/wp-json\/wp\/v2\/posts\/1904\/revisions"}],"wp:featuredmedia":[{"embeddable":true,"href":"https:\/\/fiammettamichelacci.com\/it\/wp-json\/wp\/v2\/media\/1777"}],"wp:attachment":[{"href":"https:\/\/fiammettamichelacci.com\/it\/wp-json\/wp\/v2\/media?parent=1904"}],"wp:term":[{"taxonomy":"category","embeddable":true,"href":"https:\/\/fiammettamichelacci.com\/it\/wp-json\/wp\/v2\/categories?post=1904"},{"taxonomy":"post_tag","embeddable":true,"href":"https:\/\/fiammettamichelacci.com\/it\/wp-json\/wp\/v2\/tags?post=1904"}],"curies":[{"name":"wp","href":"https:\/\/api.w.org\/{rel}","templated":true}]}}