{"id":1931,"date":"2024-02-19T10:06:50","date_gmt":"2024-02-19T10:06:50","guid":{"rendered":"https:\/\/fiammettamichelacci.com\/le-musee-de-la-mode-et-du-costume\/"},"modified":"2024-02-23T09:39:28","modified_gmt":"2024-02-23T09:39:28","slug":"le-musee-de-la-mode-et-du-costume","status":"publish","type":"post","link":"https:\/\/fiammettamichelacci.com\/fr\/le-musee-de-la-mode-et-du-costume\/","title":{"rendered":"Le Mus\u00e9e de la Mode et du Costume"},"content":{"rendered":"\n<figure class=\"wp-block-image size-large\"><img decoding=\"async\" width=\"1024\" height=\"768\" src=\"https:\/\/fiammettamichelacci.com\/wp-content\/uploads\/blog\/img_2694-1024x768.jpg\" alt=\"\" class=\"wp-image-1357\" srcset=\"https:\/\/fiammettamichelacci.com\/wp-content\/uploads\/blog\/img_2694-1024x768.jpg 1024w, https:\/\/fiammettamichelacci.com\/wp-content\/uploads\/blog\/img_2694-300x225.jpg 300w, https:\/\/fiammettamichelacci.com\/wp-content\/uploads\/blog\/img_2694-768x576.jpg 768w, https:\/\/fiammettamichelacci.com\/wp-content\/uploads\/blog\/img_2694-1536x1152.jpg 1536w, https:\/\/fiammettamichelacci.com\/wp-content\/uploads\/blog\/img_2694.jpg 1920w\" sizes=\"(max-width: 1024px) 100vw, 1024px\" \/><\/figure>\n\n<p>Le Mus\u00e9e de la Mode et du Costume, pr\u00e9c\u00e9demment connu sous le nom de &#8220;Galerie du Costume&#8221;, est abrit\u00e9 dans la charmante Palazzina della Meridiana, adjacente \u00e0 l&#8217;aile sud du Palazzo Pitti. Ce b\u00e2timent, initi\u00e9 sous Pietro Leopoldo di Lorena par l&#8217;architecte Gaspero Maria Paoletti en 1776 et achev\u00e9 en 1830 par Pasquale Poccianti \u00e0 la demande de Leopoldo II di Lorena, tire son nom de l&#8217;intrigant instrument astronomique cr\u00e9\u00e9 par Vincenzo Viviani en 1699, situ\u00e9 dans le vestibule de l&#8217;appartement du Grand Prince Ferdinando de\u2019 Medici. Ici, dans le trou gnomonique, Anton Domenico Gabbiani peignit l&#8217;All\u00e9gorie du Temps et des Arts en 1693. Les dynasties qui se sont succ\u00e9d\u00e9es, des Lorena aux Savoie, ont laiss\u00e9 leur empreinte sur l&#8217;ameublement et la d\u00e9coration des murs avec des fresques.<\/p>\n\n<p>Fond\u00e9 en 1983, le mus\u00e9e repr\u00e9sente le premier mus\u00e9e d&#8217;\u00c9tat italien enti\u00e8rement d\u00e9di\u00e9 \u00e0 l&#8217;histoire de la mode et \u00e0 son impact social. Sa collection, expos\u00e9e de mani\u00e8re rotative pour des raisons de conservation, comprend des v\u00eatements et accessoires allant du XVIIIe si\u00e8cle \u00e0 nos jours, ainsi que des sous-v\u00eatements, des bijoux, des bijoux de fantaisie et une large s\u00e9lection de costumes de sc\u00e8ne de c\u00e9l\u00e8bres films, \u0153uvres th\u00e9\u00e2trales et op\u00e9ras, port\u00e9s par des stars du cin\u00e9ma et du divertissement italiennes et internationales.<\/p>\n\n<p>Parmi les pi\u00e8ces les plus significatives, on trouve les v\u00eatements fun\u00e9raires du XVIe si\u00e8cle de Cosimo I de\u2019 Medici, Eleonora di Toledo et de son fils Don Garzia, r\u00e9cemment restaur\u00e9s et d\u00e9sormais expos\u00e9s en permanence. D&#8217;autres \u0153uvres remarquables incluent le &#8220;manteau-kimono&#8221; cr\u00e9\u00e9 par Mariano Fortuny pour Eleonora Duse, la tunique &#8220;flapper&#8221; des ann\u00e9es vingt de Chanel, les somptueuses robes de soir\u00e9e d&#8217;Elsa Schiaparelli et les cr\u00e9ations royales d&#8217;Emilio Schubert, le tailleur des stars des ann\u00e9es cinquante.<\/p>\n\n<p>La collection refl\u00e8te \u00e9galement les \u00e9volutions et les tendances de la mode tout au long du XXe si\u00e8cle et des premi\u00e8res ann\u00e9es du mill\u00e9naire actuel, avec des chefs-d&#8217;\u0153uvre de cr\u00e9ateurs tels que Miuccia Prada, Giorgio Armani et John Galliano. Apr\u00e8s une fermeture de trois ans en raison du Covid et de travaux de r\u00e9novation, le Mus\u00e9e de la Mode et du Costume a enfin rouvert ses portes au public avec 12 nouvelles salles, en plus du Salon de Bal du XIXe si\u00e8cle. Il s&#8217;agit de la premi\u00e8re \u00e9tape d&#8217;une grande r\u00e9novation du mus\u00e9e : dix autres salles ouvriront au printemps, pr\u00e9sentant les costumes suggestifs de la noblesse du XVIe au XVIIIe si\u00e8cle et une salle enti\u00e8rement d\u00e9di\u00e9e aux bijoux.<\/p>\n","protected":false},"excerpt":{"rendered":"<p>Le Mus\u00e9e de la Mode et du Costume, pr\u00e9c\u00e9demment connu sous le nom de &#8220;Galerie du Costume&#8221;, est abrit\u00e9 dans la charmante Palazzina della Meridiana, adjacente \u00e0 l&#8217;aile sud du&#8230;<\/p>\n","protected":false},"author":1,"featured_media":1790,"comment_status":"closed","ping_status":"closed","sticky":false,"template":"","format":"standard","meta":{"footnotes":""},"categories":[50],"tags":[],"class_list":["post-1931","post","type-post","status-publish","format-standard","has-post-thumbnail","hentry","category-expositions-en-florence"],"acf":[],"yoast_head":"<!-- This site is optimized with the Yoast SEO plugin v22.1 - https:\/\/yoast.com\/wordpress\/plugins\/seo\/ -->\n<title>Le Mus\u00e9e de la Mode et du Costume - Fiammetta Michelacci<\/title>\n<meta name=\"robots\" content=\"index, follow, max-snippet:-1, max-image-preview:large, max-video-preview:-1\" \/>\n<link rel=\"canonical\" href=\"https:\/\/fiammettamichelacci.com\/fr\/le-musee-de-la-mode-et-du-costume\/\" \/>\n<meta property=\"og:locale\" content=\"fr_FR\" \/>\n<meta property=\"og:type\" content=\"article\" \/>\n<meta property=\"og:title\" content=\"Le Mus\u00e9e de la Mode et du Costume - Fiammetta Michelacci\" \/>\n<meta property=\"og:description\" content=\"Le Mus\u00e9e de la Mode et du Costume, pr\u00e9c\u00e9demment connu sous le nom de &#8220;Galerie du Costume&#8221;, est abrit\u00e9 dans la charmante Palazzina della Meridiana, adjacente \u00e0 l&#8217;aile sud du...\" \/>\n<meta property=\"og:url\" content=\"https:\/\/fiammettamichelacci.com\/fr\/le-musee-de-la-mode-et-du-costume\/\" \/>\n<meta property=\"og:site_name\" content=\"Fiammetta Michelacci\" \/>\n<meta property=\"article:published_time\" content=\"2024-02-19T10:06:50+00:00\" \/>\n<meta property=\"article:modified_time\" content=\"2024-02-23T09:39:28+00:00\" \/>\n<meta property=\"og:image\" content=\"https:\/\/fiammettamichelacci.com\/wp-content\/uploads\/blog\/img_2694.jpg\" \/>\n\t<meta property=\"og:image:width\" content=\"1920\" \/>\n\t<meta property=\"og:image:height\" content=\"1440\" \/>\n\t<meta property=\"og:image:type\" content=\"image\/jpeg\" \/>\n<meta name=\"author\" content=\"admin\" \/>\n<meta name=\"twitter:card\" content=\"summary_large_image\" \/>\n<meta name=\"twitter:label1\" content=\"\u00c9crit par\" \/>\n\t<meta name=\"twitter:data1\" content=\"admin\" \/>\n\t<meta name=\"twitter:label2\" content=\"Dur\u00e9e de lecture estim\u00e9e\" \/>\n\t<meta name=\"twitter:data2\" content=\"2 minutes\" \/>\n<script type=\"application\/ld+json\" class=\"yoast-schema-graph\">{\"@context\":\"https:\/\/schema.org\",\"@graph\":[{\"@type\":\"Article\",\"@id\":\"https:\/\/fiammettamichelacci.com\/fr\/le-musee-de-la-mode-et-du-costume\/#article\",\"isPartOf\":{\"@id\":\"https:\/\/fiammettamichelacci.com\/fr\/le-musee-de-la-mode-et-du-costume\/\"},\"author\":{\"name\":\"admin\",\"@id\":\"https:\/\/fiammettamichelacci.com\/fr\/#\/schema\/person\/22003ad85baeaca167125e589f906884\"},\"headline\":\"Le Mus\u00e9e de la Mode et du Costume\",\"datePublished\":\"2024-02-19T10:06:50+00:00\",\"dateModified\":\"2024-02-23T09:39:28+00:00\",\"mainEntityOfPage\":{\"@id\":\"https:\/\/fiammettamichelacci.com\/fr\/le-musee-de-la-mode-et-du-costume\/\"},\"wordCount\":473,\"publisher\":{\"@id\":\"https:\/\/fiammettamichelacci.com\/fr\/#organization\"},\"articleSection\":[\"Expositions\"],\"inLanguage\":\"fr-FR\"},{\"@type\":\"WebPage\",\"@id\":\"https:\/\/fiammettamichelacci.com\/fr\/le-musee-de-la-mode-et-du-costume\/\",\"url\":\"https:\/\/fiammettamichelacci.com\/fr\/le-musee-de-la-mode-et-du-costume\/\",\"name\":\"Le Mus\u00e9e de la Mode et du Costume - Fiammetta Michelacci\",\"isPartOf\":{\"@id\":\"https:\/\/fiammettamichelacci.com\/fr\/#website\"},\"datePublished\":\"2024-02-19T10:06:50+00:00\",\"dateModified\":\"2024-02-23T09:39:28+00:00\",\"breadcrumb\":{\"@id\":\"https:\/\/fiammettamichelacci.com\/fr\/le-musee-de-la-mode-et-du-costume\/#breadcrumb\"},\"inLanguage\":\"fr-FR\",\"potentialAction\":[{\"@type\":\"ReadAction\",\"target\":[\"https:\/\/fiammettamichelacci.com\/fr\/le-musee-de-la-mode-et-du-costume\/\"]}]},{\"@type\":\"BreadcrumbList\",\"@id\":\"https:\/\/fiammettamichelacci.com\/fr\/le-musee-de-la-mode-et-du-costume\/#breadcrumb\",\"itemListElement\":[{\"@type\":\"ListItem\",\"position\":1,\"name\":\"Home\",\"item\":\"https:\/\/fiammettamichelacci.com\/fr\/\"},{\"@type\":\"ListItem\",\"position\":2,\"name\":\"Le Mus\u00e9e de la Mode et du Costume\"}]},{\"@type\":\"WebSite\",\"@id\":\"https:\/\/fiammettamichelacci.com\/fr\/#website\",\"url\":\"https:\/\/fiammettamichelacci.com\/fr\/\",\"name\":\"Fiammetta Michelacci\",\"description\":\"\",\"publisher\":{\"@id\":\"https:\/\/fiammettamichelacci.com\/fr\/#organization\"},\"potentialAction\":[{\"@type\":\"SearchAction\",\"target\":{\"@type\":\"EntryPoint\",\"urlTemplate\":\"https:\/\/fiammettamichelacci.com\/fr\/?s={search_term_string}\"},\"query-input\":\"required name=search_term_string\"}],\"inLanguage\":\"fr-FR\"},{\"@type\":\"Organization\",\"@id\":\"https:\/\/fiammettamichelacci.com\/fr\/#organization\",\"name\":\"Fiammetta Michelacci\",\"url\":\"https:\/\/fiammettamichelacci.com\/fr\/\",\"logo\":{\"@type\":\"ImageObject\",\"inLanguage\":\"fr-FR\",\"@id\":\"https:\/\/fiammettamichelacci.com\/fr\/#\/schema\/logo\/image\/\",\"url\":\"https:\/\/fiammettamichelacci.com\/wp-content\/uploads\/logo\/verticale-mattone.svg\",\"contentUrl\":\"https:\/\/fiammettamichelacci.com\/wp-content\/uploads\/logo\/verticale-mattone.svg\",\"width\":313.53,\"height\":475.56,\"caption\":\"Fiammetta Michelacci\"},\"image\":{\"@id\":\"https:\/\/fiammettamichelacci.com\/fr\/#\/schema\/logo\/image\/\"}},{\"@type\":\"Person\",\"@id\":\"https:\/\/fiammettamichelacci.com\/fr\/#\/schema\/person\/22003ad85baeaca167125e589f906884\",\"name\":\"admin\",\"image\":{\"@type\":\"ImageObject\",\"inLanguage\":\"fr-FR\",\"@id\":\"https:\/\/fiammettamichelacci.com\/fr\/#\/schema\/person\/image\/\",\"url\":\"https:\/\/secure.gravatar.com\/avatar\/c016db2576353bf95a1a008edc7c23367905b8d57b940408d9eb3846c476bfd9?s=96&d=mm&r=g\",\"contentUrl\":\"https:\/\/secure.gravatar.com\/avatar\/c016db2576353bf95a1a008edc7c23367905b8d57b940408d9eb3846c476bfd9?s=96&d=mm&r=g\",\"caption\":\"admin\"},\"sameAs\":[\"https:\/\/fiammettamichelacci.com\"],\"url\":\"https:\/\/fiammettamichelacci.com\/fr\/author\/superadmin\/\"}]}<\/script>\n<!-- \/ Yoast SEO plugin. -->","yoast_head_json":{"title":"Le Mus\u00e9e de la Mode et du Costume - Fiammetta Michelacci","robots":{"index":"index","follow":"follow","max-snippet":"max-snippet:-1","max-image-preview":"max-image-preview:large","max-video-preview":"max-video-preview:-1"},"canonical":"https:\/\/fiammettamichelacci.com\/fr\/le-musee-de-la-mode-et-du-costume\/","og_locale":"fr_FR","og_type":"article","og_title":"Le Mus\u00e9e de la Mode et du Costume - Fiammetta Michelacci","og_description":"Le Mus\u00e9e de la Mode et du Costume, pr\u00e9c\u00e9demment connu sous le nom de &#8220;Galerie du Costume&#8221;, est abrit\u00e9 dans la charmante Palazzina della Meridiana, adjacente \u00e0 l&#8217;aile sud du...","og_url":"https:\/\/fiammettamichelacci.com\/fr\/le-musee-de-la-mode-et-du-costume\/","og_site_name":"Fiammetta Michelacci","article_published_time":"2024-02-19T10:06:50+00:00","article_modified_time":"2024-02-23T09:39:28+00:00","og_image":[{"width":1920,"height":1440,"url":"https:\/\/fiammettamichelacci.com\/wp-content\/uploads\/blog\/img_2694.jpg","type":"image\/jpeg"}],"author":"admin","twitter_card":"summary_large_image","twitter_misc":{"\u00c9crit par":"admin","Dur\u00e9e de lecture estim\u00e9e":"2 minutes"},"schema":{"@context":"https:\/\/schema.org","@graph":[{"@type":"Article","@id":"https:\/\/fiammettamichelacci.com\/fr\/le-musee-de-la-mode-et-du-costume\/#article","isPartOf":{"@id":"https:\/\/fiammettamichelacci.com\/fr\/le-musee-de-la-mode-et-du-costume\/"},"author":{"name":"admin","@id":"https:\/\/fiammettamichelacci.com\/fr\/#\/schema\/person\/22003ad85baeaca167125e589f906884"},"headline":"Le Mus\u00e9e de la Mode et du Costume","datePublished":"2024-02-19T10:06:50+00:00","dateModified":"2024-02-23T09:39:28+00:00","mainEntityOfPage":{"@id":"https:\/\/fiammettamichelacci.com\/fr\/le-musee-de-la-mode-et-du-costume\/"},"wordCount":473,"publisher":{"@id":"https:\/\/fiammettamichelacci.com\/fr\/#organization"},"articleSection":["Expositions"],"inLanguage":"fr-FR"},{"@type":"WebPage","@id":"https:\/\/fiammettamichelacci.com\/fr\/le-musee-de-la-mode-et-du-costume\/","url":"https:\/\/fiammettamichelacci.com\/fr\/le-musee-de-la-mode-et-du-costume\/","name":"Le Mus\u00e9e de la Mode et du Costume - Fiammetta Michelacci","isPartOf":{"@id":"https:\/\/fiammettamichelacci.com\/fr\/#website"},"datePublished":"2024-02-19T10:06:50+00:00","dateModified":"2024-02-23T09:39:28+00:00","breadcrumb":{"@id":"https:\/\/fiammettamichelacci.com\/fr\/le-musee-de-la-mode-et-du-costume\/#breadcrumb"},"inLanguage":"fr-FR","potentialAction":[{"@type":"ReadAction","target":["https:\/\/fiammettamichelacci.com\/fr\/le-musee-de-la-mode-et-du-costume\/"]}]},{"@type":"BreadcrumbList","@id":"https:\/\/fiammettamichelacci.com\/fr\/le-musee-de-la-mode-et-du-costume\/#breadcrumb","itemListElement":[{"@type":"ListItem","position":1,"name":"Home","item":"https:\/\/fiammettamichelacci.com\/fr\/"},{"@type":"ListItem","position":2,"name":"Le Mus\u00e9e de la Mode et du Costume"}]},{"@type":"WebSite","@id":"https:\/\/fiammettamichelacci.com\/fr\/#website","url":"https:\/\/fiammettamichelacci.com\/fr\/","name":"Fiammetta Michelacci","description":"","publisher":{"@id":"https:\/\/fiammettamichelacci.com\/fr\/#organization"},"potentialAction":[{"@type":"SearchAction","target":{"@type":"EntryPoint","urlTemplate":"https:\/\/fiammettamichelacci.com\/fr\/?s={search_term_string}"},"query-input":"required name=search_term_string"}],"inLanguage":"fr-FR"},{"@type":"Organization","@id":"https:\/\/fiammettamichelacci.com\/fr\/#organization","name":"Fiammetta Michelacci","url":"https:\/\/fiammettamichelacci.com\/fr\/","logo":{"@type":"ImageObject","inLanguage":"fr-FR","@id":"https:\/\/fiammettamichelacci.com\/fr\/#\/schema\/logo\/image\/","url":"https:\/\/fiammettamichelacci.com\/wp-content\/uploads\/logo\/verticale-mattone.svg","contentUrl":"https:\/\/fiammettamichelacci.com\/wp-content\/uploads\/logo\/verticale-mattone.svg","width":313.53,"height":475.56,"caption":"Fiammetta Michelacci"},"image":{"@id":"https:\/\/fiammettamichelacci.com\/fr\/#\/schema\/logo\/image\/"}},{"@type":"Person","@id":"https:\/\/fiammettamichelacci.com\/fr\/#\/schema\/person\/22003ad85baeaca167125e589f906884","name":"admin","image":{"@type":"ImageObject","inLanguage":"fr-FR","@id":"https:\/\/fiammettamichelacci.com\/fr\/#\/schema\/person\/image\/","url":"https:\/\/secure.gravatar.com\/avatar\/c016db2576353bf95a1a008edc7c23367905b8d57b940408d9eb3846c476bfd9?s=96&d=mm&r=g","contentUrl":"https:\/\/secure.gravatar.com\/avatar\/c016db2576353bf95a1a008edc7c23367905b8d57b940408d9eb3846c476bfd9?s=96&d=mm&r=g","caption":"admin"},"sameAs":["https:\/\/fiammettamichelacci.com"],"url":"https:\/\/fiammettamichelacci.com\/fr\/author\/superadmin\/"}]}},"_links":{"self":[{"href":"https:\/\/fiammettamichelacci.com\/fr\/wp-json\/wp\/v2\/posts\/1931","targetHints":{"allow":["GET"]}}],"collection":[{"href":"https:\/\/fiammettamichelacci.com\/fr\/wp-json\/wp\/v2\/posts"}],"about":[{"href":"https:\/\/fiammettamichelacci.com\/fr\/wp-json\/wp\/v2\/types\/post"}],"author":[{"embeddable":true,"href":"https:\/\/fiammettamichelacci.com\/fr\/wp-json\/wp\/v2\/users\/1"}],"replies":[{"embeddable":true,"href":"https:\/\/fiammettamichelacci.com\/fr\/wp-json\/wp\/v2\/comments?post=1931"}],"version-history":[{"count":0,"href":"https:\/\/fiammettamichelacci.com\/fr\/wp-json\/wp\/v2\/posts\/1931\/revisions"}],"wp:featuredmedia":[{"embeddable":true,"href":"https:\/\/fiammettamichelacci.com\/fr\/wp-json\/wp\/v2\/media\/1790"}],"wp:attachment":[{"href":"https:\/\/fiammettamichelacci.com\/fr\/wp-json\/wp\/v2\/media?parent=1931"}],"wp:term":[{"taxonomy":"category","embeddable":true,"href":"https:\/\/fiammettamichelacci.com\/fr\/wp-json\/wp\/v2\/categories?post=1931"},{"taxonomy":"post_tag","embeddable":true,"href":"https:\/\/fiammettamichelacci.com\/fr\/wp-json\/wp\/v2\/tags?post=1931"}],"curies":[{"name":"wp","href":"https:\/\/api.w.org\/{rel}","templated":true}]}}