{"id":1925,"date":"2024-02-19T10:11:03","date_gmt":"2024-02-19T10:11:03","guid":{"rendered":"https:\/\/fiammettamichelacci.com\/anselm-kiefer\/"},"modified":"2024-02-23T09:37:21","modified_gmt":"2024-02-23T09:37:21","slug":"anselm-kiefer","status":"publish","type":"post","link":"https:\/\/fiammettamichelacci.com\/fr\/anselm-kiefer\/","title":{"rendered":"Anselm Kiefer"},"content":{"rendered":"\n<figure class=\"wp-block-image size-full\"><img decoding=\"async\" width=\"800\" height=\"600\" src=\"https:\/\/fiammettamichelacci.com\/wp-content\/uploads\/blog\/anselm-kiefer_photo-summer-taylor_2022.jpg\" alt=\"\" class=\"wp-image-1328\" srcset=\"https:\/\/fiammettamichelacci.com\/wp-content\/uploads\/blog\/anselm-kiefer_photo-summer-taylor_2022.jpg 800w, https:\/\/fiammettamichelacci.com\/wp-content\/uploads\/blog\/anselm-kiefer_photo-summer-taylor_2022-300x225.jpg 300w, https:\/\/fiammettamichelacci.com\/wp-content\/uploads\/blog\/anselm-kiefer_photo-summer-taylor_2022-768x576.jpg 768w\" sizes=\"(max-width: 800px) 100vw, 800px\" \/><\/figure>\n\n<p>Anselm Kiefer, l&#8217;un des artistes contemporains les plus \u00e9minents, est renomm\u00e9 pour ses \u0153uvres imposantes qui explorent les complexit\u00e9s de la m\u00e9moire, de l&#8217;histoire et de l&#8217;identit\u00e9 nationale. N\u00e9 en 1945 en Allemagne, Kiefer a fa\u00e7onn\u00e9 sa carri\u00e8re entre la France et son pays natal, d\u00e9veloppant un corpus artistique profond et complexe qui aborde les cicatrices du pass\u00e9 et les questions existentielles humaines avec une profonde introspection.<\/p>\n\n<p>La prochaine exposition de Kiefer au Palazzo Strozzi, \u00e0 Florence, promet d&#8217;\u00eatre une exp\u00e9rience extraordinaire pour les amateurs d&#8217;art. L&#8217;exposition pr\u00e9sentera une s\u00e9lection de ses \u0153uvres les plus embl\u00e9matiques, des toiles iconiques charg\u00e9es de mati\u00e8re aux installations monumentales sp\u00e9cifiques au site qui envahissent l&#8217;espace d&#8217;exposition.<\/p>\n\n<p>\u00c0 travers l&#8217;utilisation de mat\u00e9riaux h\u00e9t\u00e9rog\u00e8nes tels que la peinture, la sculpture, le bois et le plomb, Kiefer cr\u00e9e des \u0153uvres qui oscillent entre l&#8217;\u00e9vocateur et le perturbant, invitant les spectateurs \u00e0 r\u00e9fl\u00e9chir profond\u00e9ment aux trag\u00e9dies du pass\u00e9 et \u00e0 leurs implications dans le pr\u00e9sent. Ses cr\u00e9ations, souvent enrichies de symboles et de r\u00e9f\u00e9rences \u00e0 la mythologie, \u00e0 la litt\u00e9rature et \u00e0 l&#8217;histoire, offrent un aper\u00e7u complexe et multiforme de la condition humaine et de ses connexions complexes avec le monde qui nous entoure.<\/p>\n\n<p>L&#8217;exposition repr\u00e9sente une opportunit\u00e9 unique de plonger dans l&#8217;univers visionnaire d&#8217;Anselm Kiefer et de saisir pleinement la puissance \u00e9motionnelle et conceptuelle de ses \u0153uvres. Elle offrira une occasion unique de s&#8217;immerger dans le monde du c\u00e9l\u00e8bre ma\u00eetre allemand \u00e0 travers un voyage qui inclut \u00e0 la fois des \u0153uvres historiques et de nouvelles productions, notamment une grande \u0153uvre con\u00e7ue en dialogue avec la cour Renaissance du palais.<\/p>\n\n<p>Organis\u00e9e par Arturo Galansino, Directeur G\u00e9n\u00e9ral de la Fondation Palazzo Strozzi, &#8220;Anselm Kiefer: Anges D\u00e9chus&#8221; est un voyage \u00e0 travers des all\u00e9gories, des figures et des formes qui refl\u00e8tent l&#8217;identit\u00e9, la po\u00e9sie, les \u00e9v\u00e9nements historiques et les diff\u00e9rentes pens\u00e9es philosophiques.<\/p>\n\n<p>\u00c0 travers l&#8217;utilisation de la peinture, de la sculpture, de l&#8217;installation et de la photographie, l&#8217;art d&#8217;Anselm Kiefer offre un regard approfondi sur la condition humaine, explorant les liens entre pass\u00e9, pr\u00e9sent et futur. Depuis ses d\u00e9buts \u00e0 la fin des ann\u00e9es 1960, Kiefer a entrepris une exploration intense et stratifi\u00e9e de th\u00e8mes tels que la m\u00e9moire, le mythe, l&#8217;histoire, la litt\u00e9rature et la philosophie. Dans son parcours artistique, le mythe, la religion, le mysticisme, la po\u00e9sie et la philosophie s&#8217;entrem\u00ealent, chaque \u0153uvre exprimant un rejet des limites, non seulement en termes monumentaux ou mat\u00e9riels, mais surtout dans la richesse infinie des ressources avec lesquelles il explore les profondeurs de la m\u00e9moire et du pass\u00e9.<\/p>\n","protected":false},"excerpt":{"rendered":"<p>Anselm Kiefer, l&#8217;un des artistes contemporains les plus \u00e9minents, est renomm\u00e9 pour ses \u0153uvres imposantes qui explorent les complexit\u00e9s de la m\u00e9moire, de l&#8217;histoire et de l&#8217;identit\u00e9 nationale. N\u00e9 en&#8230;<\/p>\n","protected":false},"author":1,"featured_media":1782,"comment_status":"closed","ping_status":"closed","sticky":false,"template":"","format":"standard","meta":{"footnotes":""},"categories":[50],"tags":[],"class_list":["post-1925","post","type-post","status-publish","format-standard","has-post-thumbnail","hentry","category-expositions-en-florence"],"acf":[],"yoast_head":"<!-- This site is optimized with the Yoast SEO plugin v22.1 - https:\/\/yoast.com\/wordpress\/plugins\/seo\/ -->\n<title>Anselm Kiefer - Fiammetta Michelacci<\/title>\n<meta name=\"robots\" content=\"index, follow, max-snippet:-1, max-image-preview:large, max-video-preview:-1\" \/>\n<link rel=\"canonical\" href=\"https:\/\/fiammettamichelacci.com\/fr\/anselm-kiefer\/\" \/>\n<meta property=\"og:locale\" content=\"fr_FR\" \/>\n<meta property=\"og:type\" content=\"article\" \/>\n<meta property=\"og:title\" content=\"Anselm Kiefer - Fiammetta Michelacci\" \/>\n<meta property=\"og:description\" content=\"Anselm Kiefer, l&#8217;un des artistes contemporains les plus \u00e9minents, est renomm\u00e9 pour ses \u0153uvres imposantes qui explorent les complexit\u00e9s de la m\u00e9moire, de l&#8217;histoire et de l&#8217;identit\u00e9 nationale. N\u00e9 en...\" \/>\n<meta property=\"og:url\" content=\"https:\/\/fiammettamichelacci.com\/fr\/anselm-kiefer\/\" \/>\n<meta property=\"og:site_name\" content=\"Fiammetta Michelacci\" \/>\n<meta property=\"article:published_time\" content=\"2024-02-19T10:11:03+00:00\" \/>\n<meta property=\"article:modified_time\" content=\"2024-02-23T09:37:21+00:00\" \/>\n<meta property=\"og:image\" content=\"https:\/\/fiammettamichelacci.com\/wp-content\/uploads\/blog\/anselm-kiefer_photo-summer-taylor_2022.jpg\" \/>\n\t<meta property=\"og:image:width\" content=\"800\" \/>\n\t<meta property=\"og:image:height\" content=\"600\" \/>\n\t<meta property=\"og:image:type\" content=\"image\/jpeg\" \/>\n<meta name=\"author\" content=\"admin\" \/>\n<meta name=\"twitter:card\" content=\"summary_large_image\" \/>\n<meta name=\"twitter:label1\" content=\"\u00c9crit par\" \/>\n\t<meta name=\"twitter:data1\" content=\"admin\" \/>\n\t<meta name=\"twitter:label2\" content=\"Dur\u00e9e de lecture estim\u00e9e\" \/>\n\t<meta name=\"twitter:data2\" content=\"2 minutes\" \/>\n<script type=\"application\/ld+json\" class=\"yoast-schema-graph\">{\"@context\":\"https:\/\/schema.org\",\"@graph\":[{\"@type\":\"Article\",\"@id\":\"https:\/\/fiammettamichelacci.com\/fr\/anselm-kiefer\/#article\",\"isPartOf\":{\"@id\":\"https:\/\/fiammettamichelacci.com\/fr\/anselm-kiefer\/\"},\"author\":{\"name\":\"admin\",\"@id\":\"https:\/\/fiammettamichelacci.com\/fr\/#\/schema\/person\/22003ad85baeaca167125e589f906884\"},\"headline\":\"Anselm Kiefer\",\"datePublished\":\"2024-02-19T10:11:03+00:00\",\"dateModified\":\"2024-02-23T09:37:21+00:00\",\"mainEntityOfPage\":{\"@id\":\"https:\/\/fiammettamichelacci.com\/fr\/anselm-kiefer\/\"},\"wordCount\":481,\"publisher\":{\"@id\":\"https:\/\/fiammettamichelacci.com\/fr\/#organization\"},\"articleSection\":[\"Expositions\"],\"inLanguage\":\"fr-FR\"},{\"@type\":\"WebPage\",\"@id\":\"https:\/\/fiammettamichelacci.com\/fr\/anselm-kiefer\/\",\"url\":\"https:\/\/fiammettamichelacci.com\/fr\/anselm-kiefer\/\",\"name\":\"Anselm Kiefer - Fiammetta Michelacci\",\"isPartOf\":{\"@id\":\"https:\/\/fiammettamichelacci.com\/fr\/#website\"},\"datePublished\":\"2024-02-19T10:11:03+00:00\",\"dateModified\":\"2024-02-23T09:37:21+00:00\",\"breadcrumb\":{\"@id\":\"https:\/\/fiammettamichelacci.com\/fr\/anselm-kiefer\/#breadcrumb\"},\"inLanguage\":\"fr-FR\",\"potentialAction\":[{\"@type\":\"ReadAction\",\"target\":[\"https:\/\/fiammettamichelacci.com\/fr\/anselm-kiefer\/\"]}]},{\"@type\":\"BreadcrumbList\",\"@id\":\"https:\/\/fiammettamichelacci.com\/fr\/anselm-kiefer\/#breadcrumb\",\"itemListElement\":[{\"@type\":\"ListItem\",\"position\":1,\"name\":\"Home\",\"item\":\"https:\/\/fiammettamichelacci.com\/fr\/\"},{\"@type\":\"ListItem\",\"position\":2,\"name\":\"Anselm Kiefer\"}]},{\"@type\":\"WebSite\",\"@id\":\"https:\/\/fiammettamichelacci.com\/fr\/#website\",\"url\":\"https:\/\/fiammettamichelacci.com\/fr\/\",\"name\":\"Fiammetta Michelacci\",\"description\":\"\",\"publisher\":{\"@id\":\"https:\/\/fiammettamichelacci.com\/fr\/#organization\"},\"potentialAction\":[{\"@type\":\"SearchAction\",\"target\":{\"@type\":\"EntryPoint\",\"urlTemplate\":\"https:\/\/fiammettamichelacci.com\/fr\/?s={search_term_string}\"},\"query-input\":\"required name=search_term_string\"}],\"inLanguage\":\"fr-FR\"},{\"@type\":\"Organization\",\"@id\":\"https:\/\/fiammettamichelacci.com\/fr\/#organization\",\"name\":\"Fiammetta Michelacci\",\"url\":\"https:\/\/fiammettamichelacci.com\/fr\/\",\"logo\":{\"@type\":\"ImageObject\",\"inLanguage\":\"fr-FR\",\"@id\":\"https:\/\/fiammettamichelacci.com\/fr\/#\/schema\/logo\/image\/\",\"url\":\"https:\/\/fiammettamichelacci.com\/wp-content\/uploads\/logo\/verticale-mattone.svg\",\"contentUrl\":\"https:\/\/fiammettamichelacci.com\/wp-content\/uploads\/logo\/verticale-mattone.svg\",\"width\":313.53,\"height\":475.56,\"caption\":\"Fiammetta Michelacci\"},\"image\":{\"@id\":\"https:\/\/fiammettamichelacci.com\/fr\/#\/schema\/logo\/image\/\"}},{\"@type\":\"Person\",\"@id\":\"https:\/\/fiammettamichelacci.com\/fr\/#\/schema\/person\/22003ad85baeaca167125e589f906884\",\"name\":\"admin\",\"image\":{\"@type\":\"ImageObject\",\"inLanguage\":\"fr-FR\",\"@id\":\"https:\/\/fiammettamichelacci.com\/fr\/#\/schema\/person\/image\/\",\"url\":\"https:\/\/secure.gravatar.com\/avatar\/c016db2576353bf95a1a008edc7c23367905b8d57b940408d9eb3846c476bfd9?s=96&d=mm&r=g\",\"contentUrl\":\"https:\/\/secure.gravatar.com\/avatar\/c016db2576353bf95a1a008edc7c23367905b8d57b940408d9eb3846c476bfd9?s=96&d=mm&r=g\",\"caption\":\"admin\"},\"sameAs\":[\"https:\/\/fiammettamichelacci.com\"],\"url\":\"https:\/\/fiammettamichelacci.com\/fr\/author\/superadmin\/\"}]}<\/script>\n<!-- \/ Yoast SEO plugin. -->","yoast_head_json":{"title":"Anselm Kiefer - Fiammetta Michelacci","robots":{"index":"index","follow":"follow","max-snippet":"max-snippet:-1","max-image-preview":"max-image-preview:large","max-video-preview":"max-video-preview:-1"},"canonical":"https:\/\/fiammettamichelacci.com\/fr\/anselm-kiefer\/","og_locale":"fr_FR","og_type":"article","og_title":"Anselm Kiefer - Fiammetta Michelacci","og_description":"Anselm Kiefer, l&#8217;un des artistes contemporains les plus \u00e9minents, est renomm\u00e9 pour ses \u0153uvres imposantes qui explorent les complexit\u00e9s de la m\u00e9moire, de l&#8217;histoire et de l&#8217;identit\u00e9 nationale. N\u00e9 en...","og_url":"https:\/\/fiammettamichelacci.com\/fr\/anselm-kiefer\/","og_site_name":"Fiammetta Michelacci","article_published_time":"2024-02-19T10:11:03+00:00","article_modified_time":"2024-02-23T09:37:21+00:00","og_image":[{"width":800,"height":600,"url":"https:\/\/fiammettamichelacci.com\/wp-content\/uploads\/blog\/anselm-kiefer_photo-summer-taylor_2022.jpg","type":"image\/jpeg"}],"author":"admin","twitter_card":"summary_large_image","twitter_misc":{"\u00c9crit par":"admin","Dur\u00e9e de lecture estim\u00e9e":"2 minutes"},"schema":{"@context":"https:\/\/schema.org","@graph":[{"@type":"Article","@id":"https:\/\/fiammettamichelacci.com\/fr\/anselm-kiefer\/#article","isPartOf":{"@id":"https:\/\/fiammettamichelacci.com\/fr\/anselm-kiefer\/"},"author":{"name":"admin","@id":"https:\/\/fiammettamichelacci.com\/fr\/#\/schema\/person\/22003ad85baeaca167125e589f906884"},"headline":"Anselm Kiefer","datePublished":"2024-02-19T10:11:03+00:00","dateModified":"2024-02-23T09:37:21+00:00","mainEntityOfPage":{"@id":"https:\/\/fiammettamichelacci.com\/fr\/anselm-kiefer\/"},"wordCount":481,"publisher":{"@id":"https:\/\/fiammettamichelacci.com\/fr\/#organization"},"articleSection":["Expositions"],"inLanguage":"fr-FR"},{"@type":"WebPage","@id":"https:\/\/fiammettamichelacci.com\/fr\/anselm-kiefer\/","url":"https:\/\/fiammettamichelacci.com\/fr\/anselm-kiefer\/","name":"Anselm Kiefer - Fiammetta Michelacci","isPartOf":{"@id":"https:\/\/fiammettamichelacci.com\/fr\/#website"},"datePublished":"2024-02-19T10:11:03+00:00","dateModified":"2024-02-23T09:37:21+00:00","breadcrumb":{"@id":"https:\/\/fiammettamichelacci.com\/fr\/anselm-kiefer\/#breadcrumb"},"inLanguage":"fr-FR","potentialAction":[{"@type":"ReadAction","target":["https:\/\/fiammettamichelacci.com\/fr\/anselm-kiefer\/"]}]},{"@type":"BreadcrumbList","@id":"https:\/\/fiammettamichelacci.com\/fr\/anselm-kiefer\/#breadcrumb","itemListElement":[{"@type":"ListItem","position":1,"name":"Home","item":"https:\/\/fiammettamichelacci.com\/fr\/"},{"@type":"ListItem","position":2,"name":"Anselm Kiefer"}]},{"@type":"WebSite","@id":"https:\/\/fiammettamichelacci.com\/fr\/#website","url":"https:\/\/fiammettamichelacci.com\/fr\/","name":"Fiammetta Michelacci","description":"","publisher":{"@id":"https:\/\/fiammettamichelacci.com\/fr\/#organization"},"potentialAction":[{"@type":"SearchAction","target":{"@type":"EntryPoint","urlTemplate":"https:\/\/fiammettamichelacci.com\/fr\/?s={search_term_string}"},"query-input":"required name=search_term_string"}],"inLanguage":"fr-FR"},{"@type":"Organization","@id":"https:\/\/fiammettamichelacci.com\/fr\/#organization","name":"Fiammetta Michelacci","url":"https:\/\/fiammettamichelacci.com\/fr\/","logo":{"@type":"ImageObject","inLanguage":"fr-FR","@id":"https:\/\/fiammettamichelacci.com\/fr\/#\/schema\/logo\/image\/","url":"https:\/\/fiammettamichelacci.com\/wp-content\/uploads\/logo\/verticale-mattone.svg","contentUrl":"https:\/\/fiammettamichelacci.com\/wp-content\/uploads\/logo\/verticale-mattone.svg","width":313.53,"height":475.56,"caption":"Fiammetta Michelacci"},"image":{"@id":"https:\/\/fiammettamichelacci.com\/fr\/#\/schema\/logo\/image\/"}},{"@type":"Person","@id":"https:\/\/fiammettamichelacci.com\/fr\/#\/schema\/person\/22003ad85baeaca167125e589f906884","name":"admin","image":{"@type":"ImageObject","inLanguage":"fr-FR","@id":"https:\/\/fiammettamichelacci.com\/fr\/#\/schema\/person\/image\/","url":"https:\/\/secure.gravatar.com\/avatar\/c016db2576353bf95a1a008edc7c23367905b8d57b940408d9eb3846c476bfd9?s=96&d=mm&r=g","contentUrl":"https:\/\/secure.gravatar.com\/avatar\/c016db2576353bf95a1a008edc7c23367905b8d57b940408d9eb3846c476bfd9?s=96&d=mm&r=g","caption":"admin"},"sameAs":["https:\/\/fiammettamichelacci.com"],"url":"https:\/\/fiammettamichelacci.com\/fr\/author\/superadmin\/"}]}},"_links":{"self":[{"href":"https:\/\/fiammettamichelacci.com\/fr\/wp-json\/wp\/v2\/posts\/1925","targetHints":{"allow":["GET"]}}],"collection":[{"href":"https:\/\/fiammettamichelacci.com\/fr\/wp-json\/wp\/v2\/posts"}],"about":[{"href":"https:\/\/fiammettamichelacci.com\/fr\/wp-json\/wp\/v2\/types\/post"}],"author":[{"embeddable":true,"href":"https:\/\/fiammettamichelacci.com\/fr\/wp-json\/wp\/v2\/users\/1"}],"replies":[{"embeddable":true,"href":"https:\/\/fiammettamichelacci.com\/fr\/wp-json\/wp\/v2\/comments?post=1925"}],"version-history":[{"count":0,"href":"https:\/\/fiammettamichelacci.com\/fr\/wp-json\/wp\/v2\/posts\/1925\/revisions"}],"wp:featuredmedia":[{"embeddable":true,"href":"https:\/\/fiammettamichelacci.com\/fr\/wp-json\/wp\/v2\/media\/1782"}],"wp:attachment":[{"href":"https:\/\/fiammettamichelacci.com\/fr\/wp-json\/wp\/v2\/media?parent=1925"}],"wp:term":[{"taxonomy":"category","embeddable":true,"href":"https:\/\/fiammettamichelacci.com\/fr\/wp-json\/wp\/v2\/categories?post=1925"},{"taxonomy":"post_tag","embeddable":true,"href":"https:\/\/fiammettamichelacci.com\/fr\/wp-json\/wp\/v2\/tags?post=1925"}],"curies":[{"name":"wp","href":"https:\/\/api.w.org\/{rel}","templated":true}]}}